{"id":433,"date":"2026-03-29T10:41:37","date_gmt":"2026-03-29T08:41:37","guid":{"rendered":"https:\/\/www.creativecityostersund.se\/gastronomy-education-at-miun-thanks-to-collaboration-with-italys-parma\/"},"modified":"2026-06-26T10:32:21","modified_gmt":"2026-06-26T08:32:21","slug":"gastronomy-education-at-miun-thanks-to-collaboration-with-italys-parma","status":"publish","type":"post","link":"https:\/\/www.creativecityostersund.se\/en\/gastronomy-education-at-miun-thanks-to-collaboration-with-italys-parma\/","title":{"rendered":"Gastronomy education at MIUN thanks to collaboration with Italy\u2019s Parma"},"content":{"rendered":"<div class=\"fusion-fullwidth fullwidth-box fusion-builder-row-1 fusion-flex-container has-pattern-background has-mask-background nonhundred-percent-fullwidth non-hundred-percent-height-scrolling\" style=\"--awb-border-radius-top-left:0px;--awb-border-radius-top-right:0px;--awb-border-radius-bottom-right:0px;--awb-border-radius-bottom-left:0px;--awb-flex-wrap:wrap;\" ><div class=\"fusion-builder-row fusion-row fusion-flex-align-items-flex-start fusion-flex-content-wrap\" style=\"max-width:1248px;margin-left: calc(-4% \/ 2 );margin-right: calc(-4% \/ 2 );\"><div class=\"fusion-layout-column fusion_builder_column fusion-builder-column-0 fusion_builder_column_1_2 1_2 fusion-flex-column\" style=\"--awb-bg-size:cover;--awb-width-large:50%;--awb-margin-top-large:0px;--awb-spacing-right-large:3.84%;--awb-margin-bottom-large:20px;--awb-spacing-left-large:3.84%;--awb-width-medium:50%;--awb-order-medium:0;--awb-spacing-right-medium:3.84%;--awb-spacing-left-medium:3.84%;--awb-width-small:100%;--awb-order-small:0;--awb-spacing-right-small:1.92%;--awb-spacing-left-small:1.92%;\"><div class=\"fusion-column-wrapper fusion-column-has-shadow fusion-flex-justify-content-flex-start fusion-content-layout-column\"><div class=\"fusion-title title fusion-title-1 fusion-sep-none fusion-title-text fusion-title-size-two\" style=\"--awb-margin-top-small:10px;--awb-margin-right-small:0px;--awb-margin-bottom-small:10px;--awb-margin-left-small:0px;\"><h2 class=\"fusion-title-heading title-heading-left fusion-responsive-typography-calculated\" style=\"margin:0;--fontSize:48;line-height:var(--awb-typography1-line-height);\">Gastronomy education at MIUN thanks to collaboration with Italy\u2019s Parma<\/h2><\/div><div class=\"fusion-text fusion-text-1\"><p class=\"normal\"><strong>Wilhelm Skoglund is a lecturer at Mid Sweden University and teaches, among other things, social entrepreneurship. He is also one of the dedicated enthusiasts who were involved from the very beginning, when \u00d6stersund and Region J\u00e4mtland H\u00e4rjedalen applied to become a UNESCO Creative City of Gastronomy. <\/strong><\/p>\n<p class=\"normal\">When the designation became a reality, Wille and his colleagues worked to create a research platform together with the network\u2019s other member cities. This resulted in a research conference in 2016, held in conjunction with \u00d6stersund hosting UCCN\u2019s annual meeting. Around 100 international delegates took part in the research conference, and many new contacts were made.  <\/p>\n<p class=\"normal\">\u2013 During the conference, we met some representatives from the University of Parma, Italy. We talked about the need for university education in sustainable gastronomy, and that it could be shared by the cities in the network. Several of us continued working on the programme plans, and over time we also brought in the universities in Bergen and Alicante.  <\/p>\n<p class=\"normal\">It took a few years to turn the idea into reality, but in 2020 the universities were finally able to offer the one-year master\u2019s programme Food City Design for the first time. It is a broad programme covering everything from nutrition and cultivation to marketing\u2014all with a sustainability perspective. The aim is for students to be able to work with food, procurement, supply and sustainable food production in the public sector or in large companies\u2014and contribute to greater awareness in society.   <\/p>\n<p class=\"normal\">\u2013 After the first cohort, we have had time for another. About 20 students have been admitted each year, and in total 5\u20136 have been from Sweden. It is an incredibly exciting mix of people, with completely different backgrounds: chefs, tourism scholars, hotel managers, economists\u2026 The idea was for teaching to take place in \u00d6stersund for one term and in Parma for one term, but the pandemic put a stop to that and large parts of the programme became digital.   <\/p>\n<\/div><div class=\"fusion-title title fusion-title-2 fusion-sep-none fusion-title-text fusion-title-size-three\" style=\"--awb-margin-top-small:10px;--awb-margin-right-small:0px;--awb-margin-bottom-small:10px;--awb-margin-left-small:0px;\"><h3 class=\"fusion-title-heading title-heading-left fusion-responsive-typography-calculated\" style=\"margin:0;--fontSize:36;line-height:var(--awb-typography1-line-height);\">Martin got a job at<br \/>Eldrimner after the programme<\/h3><\/div><div class=\"fusion-text fusion-text-2\"><p class=\"normal\">One of those who studied Food City Design is Martin Jaller. He already had a bachelor\u2019s degree in experience production, is a trained chef, and has also worked in events, TV and hotels. <\/p>\n<p class=\"normal\">\u2013 I wanted to find a way to combine my academic background, my work experience and my chef training\u2014so that in the long term I could work more strategically. What I take with me most of all from the programme is the cultural exchange, how different countries view food, and the deeper knowledge I gained about Agenda 2030. I realised that creativity and innovation are also required in food production if we are to succeed in reaching the global goals.  <\/p>\n<\/div><\/div><\/div><div class=\"fusion-layout-column fusion_builder_column fusion-builder-column-1 fusion_builder_column_1_2 1_2 fusion-flex-column\" style=\"--awb-bg-size:cover;--awb-width-large:50%;--awb-margin-top-large:0px;--awb-spacing-right-large:3.84%;--awb-margin-bottom-large:20px;--awb-spacing-left-large:3.84%;--awb-width-medium:50%;--awb-order-medium:0;--awb-spacing-right-medium:3.84%;--awb-spacing-left-medium:3.84%;--awb-width-small:100%;--awb-order-small:0;--awb-spacing-right-small:1.92%;--awb-spacing-left-small:1.92%;\"><div class=\"fusion-column-wrapper fusion-column-has-shadow fusion-flex-justify-content-flex-start fusion-content-layout-column\"><div class=\"fusion-image-element\" style=\"--awb-caption-title-font-family:var(--h2_typography-font-family);--awb-caption-title-font-weight:var(--h2_typography-font-weight);--awb-caption-title-font-style:var(--h2_typography-font-style);--awb-caption-title-size:var(--h2_typography-font-size);--awb-caption-title-transform:var(--h2_typography-text-transform);--awb-caption-title-line-height:var(--h2_typography-line-height);--awb-caption-title-letter-spacing:var(--h2_typography-letter-spacing);\"><span class=\" fusion-imageframe imageframe-none imageframe-1 hover-type-none\"><img decoding=\"async\" width=\"550\" height=\"412\" title=\"MartinJaller\" src=\"https:\/\/www.creativecityostersund.se\/wp-content\/uploads\/2026\/05\/MartinJaller.jpeg\" alt class=\"img-responsive wp-image-434\" srcset=\"https:\/\/www.creativecityostersund.se\/wp-content\/uploads\/2026\/05\/MartinJaller-200x150.jpeg 200w, https:\/\/www.creativecityostersund.se\/wp-content\/uploads\/2026\/05\/MartinJaller-400x300.jpeg 400w, https:\/\/www.creativecityostersund.se\/wp-content\/uploads\/2026\/05\/MartinJaller.jpeg 550w\" sizes=\"(max-width: 640px) 100vw, 550px\" \/><\/span><\/div><div class=\"fusion-text fusion-text-3\" style=\"--awb-font-size:14px;--awb-margin-top:10px;\"><p>Martin Jaller and his Italian classmate Alberto Laschi at graduation in Parma.<\/p>\n<\/div><div class=\"fusion-text fusion-text-4\"><p class=\"normal\">One of those who studied Food City Design is Martin Jaller. He already had a bachelor\u2019s degree in experience production, is a trained chef, and has also worked in events, TV and hotels. <\/p>\n<p class=\"normal\">\u2013 I wanted to find a way to combine my academic background, my work experience and my chef training\u2014so that in the long term I could work more strategically. What I take with me most of all from the programme is the cultural exchange, how different countries view food, and the deeper knowledge I gained about Agenda 2030. I realised that creativity and innovation are also required in food production if we are to succeed in reaching the global goals.  <\/p>\n<p class=\"normal\">During the programme, Martin did an internship at Eldrimner. He now has a permanent position there and works, among other things, with training and business advisory services. <\/p>\n<p class=\"normal\">Wille and his colleagues have now paused the programme to regroup. The goal is a two-year research-preparatory programme with even more depth and breadth, which will hopefully attract even more students. <\/p>\n<\/div><\/div><\/div><\/div><\/div>\n","protected":false},"excerpt":{"rendered":"<p>Wilhelm Skoglund is a lecturer at Mid Sweden University and teaches, among other things, social entrepreneurship. He is also one of the dedicated enthusiasts who were involved from the very beginning, when \u00d6stersund and Region J\u00e4mtland H\u00e4rjedalen applied to become a UNESCO Creative City of Gastronomy. <\/p>\n","protected":false},"author":2,"featured_media":434,"comment_status":"open","ping_status":"open","sticky":false,"template":"","format":"standard","meta":{"footnotes":""},"categories":[15],"tags":[],"class_list":["post-433","post","type-post","status-publish","format-standard","has-post-thumbnail","hentry","category-news"],"yoast_head":"<!-- This site is optimized with the Yoast SEO plugin v28.3 - https:\/\/yoast.com\/product\/yoast-seo-wordpress\/ -->\n<title>Gastronomy education at MIUN thanks to collaboration with Italy\u2019s Parma - Creativecityostersund<\/title>\n<meta name=\"robots\" content=\"index, follow, max-snippet:-1, max-image-preview:large, max-video-preview:-1\" \/>\n<link rel=\"canonical\" href=\"https:\/\/www.creativecityostersund.se\/en\/gastronomy-education-at-miun-thanks-to-collaboration-with-italys-parma\/\" \/>\n<meta property=\"og:locale\" content=\"en_US\" \/>\n<meta property=\"og:type\" content=\"article\" \/>\n<meta property=\"og:title\" content=\"Gastronomy education at MIUN thanks to collaboration with Italy\u2019s Parma - Creativecityostersund\" \/>\n<meta property=\"og:description\" content=\"Wilhelm Skoglund is a lecturer at Mid Sweden University and teaches, among other things, social entrepreneurship. He is also one of the dedicated enthusiasts who were involved from the very beginning, when \u00d6stersund and Region J\u00e4mtland H\u00e4rjedalen applied to become a UNESCO Creative City of Gastronomy.\" \/>\n<meta property=\"og:url\" content=\"https:\/\/www.creativecityostersund.se\/en\/gastronomy-education-at-miun-thanks-to-collaboration-with-italys-parma\/\" \/>\n<meta property=\"og:site_name\" content=\"Creativecityostersund\" \/>\n<meta property=\"article:publisher\" content=\"https:\/\/www.facebook.com\/creativegastronomy\" \/>\n<meta property=\"article:published_time\" content=\"2026-03-29T08:41:37+00:00\" \/>\n<meta property=\"article:modified_time\" content=\"2026-06-26T08:32:21+00:00\" \/>\n<meta property=\"og:image\" content=\"https:\/\/www.creativecityostersund.se\/wp-content\/uploads\/2026\/05\/MartinJaller.jpeg\" \/>\n\t<meta property=\"og:image:width\" content=\"550\" \/>\n\t<meta property=\"og:image:height\" content=\"412\" \/>\n\t<meta property=\"og:image:type\" content=\"image\/jpeg\" \/>\n<meta name=\"author\" content=\"Sebastian Rydebj\u00f6rk\" \/>\n<meta name=\"twitter:card\" content=\"summary_large_image\" \/>\n<meta name=\"twitter:label1\" content=\"Written by\" \/>\n\t<meta name=\"twitter:data1\" content=\"Sebastian Rydebj\u00f6rk\" \/>\n\t<meta name=\"twitter:label2\" content=\"Est. reading time\" \/>\n\t<meta name=\"twitter:data2\" content=\"10 minutes\" \/>\n<script type=\"application\/ld+json\" class=\"yoast-schema-graph\">{\"@context\":\"https:\\\/\\\/schema.org\",\"@graph\":[{\"@type\":\"Article\",\"@id\":\"https:\\\/\\\/www.creativecityostersund.se\\\/en\\\/gastronomy-education-at-miun-thanks-to-collaboration-with-italys-parma\\\/#article\",\"isPartOf\":{\"@id\":\"https:\\\/\\\/www.creativecityostersund.se\\\/en\\\/gastronomy-education-at-miun-thanks-to-collaboration-with-italys-parma\\\/\"},\"author\":{\"name\":\"Sebastian Rydebj\u00f6rk\",\"@id\":\"https:\\\/\\\/www.creativecityostersund.se\\\/en\\\/#\\\/schema\\\/person\\\/75ab419e9c0ed1cd08876ff6efceead1\"},\"headline\":\"Gastronomy education at MIUN thanks to collaboration with Italy\u2019s Parma\",\"datePublished\":\"2026-03-29T08:41:37+00:00\",\"dateModified\":\"2026-06-26T08:32:21+00:00\",\"mainEntityOfPage\":{\"@id\":\"https:\\\/\\\/www.creativecityostersund.se\\\/en\\\/gastronomy-education-at-miun-thanks-to-collaboration-with-italys-parma\\\/\"},\"wordCount\":1934,\"commentCount\":0,\"publisher\":{\"@id\":\"https:\\\/\\\/www.creativecityostersund.se\\\/en\\\/#organization\"},\"image\":{\"@id\":\"https:\\\/\\\/www.creativecityostersund.se\\\/en\\\/gastronomy-education-at-miun-thanks-to-collaboration-with-italys-parma\\\/#primaryimage\"},\"thumbnailUrl\":\"https:\\\/\\\/www.creativecityostersund.se\\\/wp-content\\\/uploads\\\/2026\\\/05\\\/MartinJaller.jpeg\",\"articleSection\":[\"News\"],\"inLanguage\":\"en-US\",\"potentialAction\":[{\"@type\":\"CommentAction\",\"name\":\"Comment\",\"target\":[\"https:\\\/\\\/www.creativecityostersund.se\\\/en\\\/gastronomy-education-at-miun-thanks-to-collaboration-with-italys-parma\\\/#respond\"]}]},{\"@type\":\"WebPage\",\"@id\":\"https:\\\/\\\/www.creativecityostersund.se\\\/en\\\/gastronomy-education-at-miun-thanks-to-collaboration-with-italys-parma\\\/\",\"url\":\"https:\\\/\\\/www.creativecityostersund.se\\\/en\\\/gastronomy-education-at-miun-thanks-to-collaboration-with-italys-parma\\\/\",\"name\":\"Gastronomy education at MIUN thanks to collaboration with Italy\u2019s Parma - Creativecityostersund\",\"isPartOf\":{\"@id\":\"https:\\\/\\\/www.creativecityostersund.se\\\/en\\\/#website\"},\"primaryImageOfPage\":{\"@id\":\"https:\\\/\\\/www.creativecityostersund.se\\\/en\\\/gastronomy-education-at-miun-thanks-to-collaboration-with-italys-parma\\\/#primaryimage\"},\"image\":{\"@id\":\"https:\\\/\\\/www.creativecityostersund.se\\\/en\\\/gastronomy-education-at-miun-thanks-to-collaboration-with-italys-parma\\\/#primaryimage\"},\"thumbnailUrl\":\"https:\\\/\\\/www.creativecityostersund.se\\\/wp-content\\\/uploads\\\/2026\\\/05\\\/MartinJaller.jpeg\",\"datePublished\":\"2026-03-29T08:41:37+00:00\",\"dateModified\":\"2026-06-26T08:32:21+00:00\",\"breadcrumb\":{\"@id\":\"https:\\\/\\\/www.creativecityostersund.se\\\/en\\\/gastronomy-education-at-miun-thanks-to-collaboration-with-italys-parma\\\/#breadcrumb\"},\"inLanguage\":\"en-US\",\"potentialAction\":[{\"@type\":\"ReadAction\",\"target\":[\"https:\\\/\\\/www.creativecityostersund.se\\\/en\\\/gastronomy-education-at-miun-thanks-to-collaboration-with-italys-parma\\\/\"]}]},{\"@type\":\"ImageObject\",\"inLanguage\":\"en-US\",\"@id\":\"https:\\\/\\\/www.creativecityostersund.se\\\/en\\\/gastronomy-education-at-miun-thanks-to-collaboration-with-italys-parma\\\/#primaryimage\",\"url\":\"https:\\\/\\\/www.creativecityostersund.se\\\/wp-content\\\/uploads\\\/2026\\\/05\\\/MartinJaller.jpeg\",\"contentUrl\":\"https:\\\/\\\/www.creativecityostersund.se\\\/wp-content\\\/uploads\\\/2026\\\/05\\\/MartinJaller.jpeg\",\"width\":550,\"height\":412},{\"@type\":\"BreadcrumbList\",\"@id\":\"https:\\\/\\\/www.creativecityostersund.se\\\/en\\\/gastronomy-education-at-miun-thanks-to-collaboration-with-italys-parma\\\/#breadcrumb\",\"itemListElement\":[{\"@type\":\"ListItem\",\"position\":1,\"name\":\"Hem\",\"item\":\"https:\\\/\\\/www.creativecityostersund.se\\\/en\\\/\"},{\"@type\":\"ListItem\",\"position\":2,\"name\":\"Gastronomy education at MIUN thanks to collaboration with Italy\u2019s Parma\"}]},{\"@type\":\"WebSite\",\"@id\":\"https:\\\/\\\/www.creativecityostersund.se\\\/en\\\/#website\",\"url\":\"https:\\\/\\\/www.creativecityostersund.se\\\/en\\\/\",\"name\":\"UNESCO Creative City of Gastronomy \u00d6stersund\",\"description\":\"Sveriges mest smaks\u00e4kra region\",\"publisher\":{\"@id\":\"https:\\\/\\\/www.creativecityostersund.se\\\/en\\\/#organization\"},\"potentialAction\":[{\"@type\":\"SearchAction\",\"target\":{\"@type\":\"EntryPoint\",\"urlTemplate\":\"https:\\\/\\\/www.creativecityostersund.se\\\/en\\\/?s={search_term_string}\"},\"query-input\":{\"@type\":\"PropertyValueSpecification\",\"valueRequired\":true,\"valueName\":\"search_term_string\"}}],\"inLanguage\":\"en-US\"},{\"@type\":\"Organization\",\"@id\":\"https:\\\/\\\/www.creativecityostersund.se\\\/en\\\/#organization\",\"name\":\"UNESCO Creative City of Gastronomy \u00d6stersund\",\"url\":\"https:\\\/\\\/www.creativecityostersund.se\\\/en\\\/\",\"logo\":{\"@type\":\"ImageObject\",\"inLanguage\":\"en-US\",\"@id\":\"https:\\\/\\\/www.creativecityostersund.se\\\/en\\\/#\\\/schema\\\/logo\\\/image\\\/\",\"url\":\"https:\\\/\\\/www.creativecityostersund.se\\\/wp-content\\\/uploads\\\/2026\\\/05\\\/Creative-city-of-gastronomy-liggande-vinrod.webp\",\"contentUrl\":\"https:\\\/\\\/www.creativecityostersund.se\\\/wp-content\\\/uploads\\\/2026\\\/05\\\/Creative-city-of-gastronomy-liggande-vinrod.webp\",\"width\":411,\"height\":146,\"caption\":\"UNESCO Creative City of Gastronomy \u00d6stersund\"},\"image\":{\"@id\":\"https:\\\/\\\/www.creativecityostersund.se\\\/en\\\/#\\\/schema\\\/logo\\\/image\\\/\"},\"sameAs\":[\"https:\\\/\\\/www.facebook.com\\\/creativegastronomy\"]},{\"@type\":\"Person\",\"@id\":\"https:\\\/\\\/www.creativecityostersund.se\\\/en\\\/#\\\/schema\\\/person\\\/75ab419e9c0ed1cd08876ff6efceead1\",\"name\":\"Sebastian Rydebj\u00f6rk\",\"image\":{\"@type\":\"ImageObject\",\"inLanguage\":\"en-US\",\"@id\":\"https:\\\/\\\/secure.gravatar.com\\\/avatar\\\/31732052c720e6e94f0e8e2e87bdd9f8d24506ff54328d9237655abddb3dff93?s=96&d=mm&r=g\",\"url\":\"https:\\\/\\\/secure.gravatar.com\\\/avatar\\\/31732052c720e6e94f0e8e2e87bdd9f8d24506ff54328d9237655abddb3dff93?s=96&d=mm&r=g\",\"contentUrl\":\"https:\\\/\\\/secure.gravatar.com\\\/avatar\\\/31732052c720e6e94f0e8e2e87bdd9f8d24506ff54328d9237655abddb3dff93?s=96&d=mm&r=g\",\"caption\":\"Sebastian Rydebj\u00f6rk\"},\"url\":\"https:\\\/\\\/www.creativecityostersund.se\\\/en\\\/author\\\/sebastian\\\/\"}]}<\/script>\n<!-- \/ Yoast SEO plugin. -->","yoast_head_json":{"title":"Gastronomy education at MIUN thanks to collaboration with Italy\u2019s Parma - Creativecityostersund","robots":{"index":"index","follow":"follow","max-snippet":"max-snippet:-1","max-image-preview":"max-image-preview:large","max-video-preview":"max-video-preview:-1"},"canonical":"https:\/\/www.creativecityostersund.se\/en\/gastronomy-education-at-miun-thanks-to-collaboration-with-italys-parma\/","og_locale":"en_US","og_type":"article","og_title":"Gastronomy education at MIUN thanks to collaboration with Italy\u2019s Parma - Creativecityostersund","og_description":"Wilhelm Skoglund is a lecturer at Mid Sweden University and teaches, among other things, social entrepreneurship. He is also one of the dedicated enthusiasts who were involved from the very beginning, when \u00d6stersund and Region J\u00e4mtland H\u00e4rjedalen applied to become a UNESCO Creative City of Gastronomy.","og_url":"https:\/\/www.creativecityostersund.se\/en\/gastronomy-education-at-miun-thanks-to-collaboration-with-italys-parma\/","og_site_name":"Creativecityostersund","article_publisher":"https:\/\/www.facebook.com\/creativegastronomy","article_published_time":"2026-03-29T08:41:37+00:00","article_modified_time":"2026-06-26T08:32:21+00:00","og_image":[{"width":550,"height":412,"url":"https:\/\/www.creativecityostersund.se\/wp-content\/uploads\/2026\/05\/MartinJaller.jpeg","type":"image\/jpeg"}],"author":"Sebastian Rydebj\u00f6rk","twitter_card":"summary_large_image","twitter_misc":{"Written by":"Sebastian Rydebj\u00f6rk","Est. reading time":"10 minutes"},"schema":{"@context":"https:\/\/schema.org","@graph":[{"@type":"Article","@id":"https:\/\/www.creativecityostersund.se\/en\/gastronomy-education-at-miun-thanks-to-collaboration-with-italys-parma\/#article","isPartOf":{"@id":"https:\/\/www.creativecityostersund.se\/en\/gastronomy-education-at-miun-thanks-to-collaboration-with-italys-parma\/"},"author":{"name":"Sebastian Rydebj\u00f6rk","@id":"https:\/\/www.creativecityostersund.se\/en\/#\/schema\/person\/75ab419e9c0ed1cd08876ff6efceead1"},"headline":"Gastronomy education at MIUN thanks to collaboration with Italy\u2019s Parma","datePublished":"2026-03-29T08:41:37+00:00","dateModified":"2026-06-26T08:32:21+00:00","mainEntityOfPage":{"@id":"https:\/\/www.creativecityostersund.se\/en\/gastronomy-education-at-miun-thanks-to-collaboration-with-italys-parma\/"},"wordCount":1934,"commentCount":0,"publisher":{"@id":"https:\/\/www.creativecityostersund.se\/en\/#organization"},"image":{"@id":"https:\/\/www.creativecityostersund.se\/en\/gastronomy-education-at-miun-thanks-to-collaboration-with-italys-parma\/#primaryimage"},"thumbnailUrl":"https:\/\/www.creativecityostersund.se\/wp-content\/uploads\/2026\/05\/MartinJaller.jpeg","articleSection":["News"],"inLanguage":"en-US","potentialAction":[{"@type":"CommentAction","name":"Comment","target":["https:\/\/www.creativecityostersund.se\/en\/gastronomy-education-at-miun-thanks-to-collaboration-with-italys-parma\/#respond"]}]},{"@type":"WebPage","@id":"https:\/\/www.creativecityostersund.se\/en\/gastronomy-education-at-miun-thanks-to-collaboration-with-italys-parma\/","url":"https:\/\/www.creativecityostersund.se\/en\/gastronomy-education-at-miun-thanks-to-collaboration-with-italys-parma\/","name":"Gastronomy education at MIUN thanks to collaboration with Italy\u2019s Parma - Creativecityostersund","isPartOf":{"@id":"https:\/\/www.creativecityostersund.se\/en\/#website"},"primaryImageOfPage":{"@id":"https:\/\/www.creativecityostersund.se\/en\/gastronomy-education-at-miun-thanks-to-collaboration-with-italys-parma\/#primaryimage"},"image":{"@id":"https:\/\/www.creativecityostersund.se\/en\/gastronomy-education-at-miun-thanks-to-collaboration-with-italys-parma\/#primaryimage"},"thumbnailUrl":"https:\/\/www.creativecityostersund.se\/wp-content\/uploads\/2026\/05\/MartinJaller.jpeg","datePublished":"2026-03-29T08:41:37+00:00","dateModified":"2026-06-26T08:32:21+00:00","breadcrumb":{"@id":"https:\/\/www.creativecityostersund.se\/en\/gastronomy-education-at-miun-thanks-to-collaboration-with-italys-parma\/#breadcrumb"},"inLanguage":"en-US","potentialAction":[{"@type":"ReadAction","target":["https:\/\/www.creativecityostersund.se\/en\/gastronomy-education-at-miun-thanks-to-collaboration-with-italys-parma\/"]}]},{"@type":"ImageObject","inLanguage":"en-US","@id":"https:\/\/www.creativecityostersund.se\/en\/gastronomy-education-at-miun-thanks-to-collaboration-with-italys-parma\/#primaryimage","url":"https:\/\/www.creativecityostersund.se\/wp-content\/uploads\/2026\/05\/MartinJaller.jpeg","contentUrl":"https:\/\/www.creativecityostersund.se\/wp-content\/uploads\/2026\/05\/MartinJaller.jpeg","width":550,"height":412},{"@type":"BreadcrumbList","@id":"https:\/\/www.creativecityostersund.se\/en\/gastronomy-education-at-miun-thanks-to-collaboration-with-italys-parma\/#breadcrumb","itemListElement":[{"@type":"ListItem","position":1,"name":"Hem","item":"https:\/\/www.creativecityostersund.se\/en\/"},{"@type":"ListItem","position":2,"name":"Gastronomy education at MIUN thanks to collaboration with Italy\u2019s Parma"}]},{"@type":"WebSite","@id":"https:\/\/www.creativecityostersund.se\/en\/#website","url":"https:\/\/www.creativecityostersund.se\/en\/","name":"UNESCO Creative City of Gastronomy \u00d6stersund","description":"Sveriges mest smaks\u00e4kra region","publisher":{"@id":"https:\/\/www.creativecityostersund.se\/en\/#organization"},"potentialAction":[{"@type":"SearchAction","target":{"@type":"EntryPoint","urlTemplate":"https:\/\/www.creativecityostersund.se\/en\/?s={search_term_string}"},"query-input":{"@type":"PropertyValueSpecification","valueRequired":true,"valueName":"search_term_string"}}],"inLanguage":"en-US"},{"@type":"Organization","@id":"https:\/\/www.creativecityostersund.se\/en\/#organization","name":"UNESCO Creative City of Gastronomy \u00d6stersund","url":"https:\/\/www.creativecityostersund.se\/en\/","logo":{"@type":"ImageObject","inLanguage":"en-US","@id":"https:\/\/www.creativecityostersund.se\/en\/#\/schema\/logo\/image\/","url":"https:\/\/www.creativecityostersund.se\/wp-content\/uploads\/2026\/05\/Creative-city-of-gastronomy-liggande-vinrod.webp","contentUrl":"https:\/\/www.creativecityostersund.se\/wp-content\/uploads\/2026\/05\/Creative-city-of-gastronomy-liggande-vinrod.webp","width":411,"height":146,"caption":"UNESCO Creative City of Gastronomy \u00d6stersund"},"image":{"@id":"https:\/\/www.creativecityostersund.se\/en\/#\/schema\/logo\/image\/"},"sameAs":["https:\/\/www.facebook.com\/creativegastronomy"]},{"@type":"Person","@id":"https:\/\/www.creativecityostersund.se\/en\/#\/schema\/person\/75ab419e9c0ed1cd08876ff6efceead1","name":"Sebastian Rydebj\u00f6rk","image":{"@type":"ImageObject","inLanguage":"en-US","@id":"https:\/\/secure.gravatar.com\/avatar\/31732052c720e6e94f0e8e2e87bdd9f8d24506ff54328d9237655abddb3dff93?s=96&d=mm&r=g","url":"https:\/\/secure.gravatar.com\/avatar\/31732052c720e6e94f0e8e2e87bdd9f8d24506ff54328d9237655abddb3dff93?s=96&d=mm&r=g","contentUrl":"https:\/\/secure.gravatar.com\/avatar\/31732052c720e6e94f0e8e2e87bdd9f8d24506ff54328d9237655abddb3dff93?s=96&d=mm&r=g","caption":"Sebastian Rydebj\u00f6rk"},"url":"https:\/\/www.creativecityostersund.se\/en\/author\/sebastian\/"}]}},"_links":{"self":[{"href":"https:\/\/www.creativecityostersund.se\/en\/wp-json\/wp\/v2\/posts\/433","targetHints":{"allow":["GET"]}}],"collection":[{"href":"https:\/\/www.creativecityostersund.se\/en\/wp-json\/wp\/v2\/posts"}],"about":[{"href":"https:\/\/www.creativecityostersund.se\/en\/wp-json\/wp\/v2\/types\/post"}],"author":[{"embeddable":true,"href":"https:\/\/www.creativecityostersund.se\/en\/wp-json\/wp\/v2\/users\/2"}],"replies":[{"embeddable":true,"href":"https:\/\/www.creativecityostersund.se\/en\/wp-json\/wp\/v2\/comments?post=433"}],"version-history":[{"count":2,"href":"https:\/\/www.creativecityostersund.se\/en\/wp-json\/wp\/v2\/posts\/433\/revisions"}],"predecessor-version":[{"id":438,"href":"https:\/\/www.creativecityostersund.se\/en\/wp-json\/wp\/v2\/posts\/433\/revisions\/438"}],"wp:featuredmedia":[{"embeddable":true,"href":"https:\/\/www.creativecityostersund.se\/en\/wp-json\/wp\/v2\/media\/434"}],"wp:attachment":[{"href":"https:\/\/www.creativecityostersund.se\/en\/wp-json\/wp\/v2\/media?parent=433"}],"wp:term":[{"taxonomy":"category","embeddable":true,"href":"https:\/\/www.creativecityostersund.se\/en\/wp-json\/wp\/v2\/categories?post=433"},{"taxonomy":"post_tag","embeddable":true,"href":"https:\/\/www.creativecityostersund.se\/en\/wp-json\/wp\/v2\/tags?post=433"}],"curies":[{"name":"wp","href":"https:\/\/api.w.org\/{rel}","templated":true}]}}