{"id":429,"date":"2026-05-04T17:45:58","date_gmt":"2026-05-04T15:45:58","guid":{"rendered":"https:\/\/www.creativecityostersund.se\/lena-participated-in-a-food-festival-in-denia-spain-gained-a-broader-network\/"},"modified":"2026-06-26T10:32:19","modified_gmt":"2026-06-26T08:32:19","slug":"lena-participated-in-a-food-festival-in-denia-spain-gained-a-broader-network","status":"publish","type":"post","link":"https:\/\/www.creativecityostersund.se\/en\/lena-participated-in-a-food-festival-in-denia-spain-gained-a-broader-network\/","title":{"rendered":"Lena participated in a food festival in D\u00e9nia, Spain \u2013 gained a broader network"},"content":{"rendered":"<div class=\"fusion-fullwidth fullwidth-box fusion-builder-row-1 fusion-flex-container has-pattern-background has-mask-background nonhundred-percent-fullwidth non-hundred-percent-height-scrolling\" style=\"--awb-border-radius-top-left:0px;--awb-border-radius-top-right:0px;--awb-border-radius-bottom-right:0px;--awb-border-radius-bottom-left:0px;--awb-flex-wrap:wrap;\" ><div class=\"fusion-builder-row fusion-row fusion-flex-align-items-flex-start fusion-flex-content-wrap\" style=\"max-width:1248px;margin-left: calc(-4% \/ 2 );margin-right: calc(-4% \/ 2 );\"><div class=\"fusion-layout-column fusion_builder_column fusion-builder-column-0 fusion_builder_column_1_2 1_2 fusion-flex-column\" style=\"--awb-bg-size:cover;--awb-width-large:50%;--awb-margin-top-large:0px;--awb-spacing-right-large:3.84%;--awb-margin-bottom-large:20px;--awb-spacing-left-large:3.84%;--awb-width-medium:50%;--awb-order-medium:0;--awb-spacing-right-medium:3.84%;--awb-spacing-left-medium:3.84%;--awb-width-small:100%;--awb-order-small:0;--awb-spacing-right-small:1.92%;--awb-spacing-left-small:1.92%;\"><div class=\"fusion-column-wrapper fusion-column-has-shadow fusion-flex-justify-content-flex-start fusion-content-layout-column\"><div class=\"fusion-title title fusion-title-1 fusion-sep-none fusion-title-text fusion-title-size-two\" style=\"--awb-margin-top-small:10px;--awb-margin-right-small:0px;--awb-margin-bottom-small:10px;--awb-margin-left-small:0px;\"><h2 class=\"fusion-title-heading title-heading-left fusion-responsive-typography-calculated\" style=\"margin:0;--fontSize:48;line-height:var(--awb-typography1-line-height);\">Lena participated in a food festival in D\u00e9nia, Spain \u2013 gained a broader network<\/h2><\/div><div class=\"fusion-text fusion-text-1\"><p class=\"normal\"><strong>Lena Flaten runs Flammans skafferi in Storlien. She has always been curious about food from other cultures and enjoys inviting various guest chefs to her own kitchen. When she was given the opportunity to attend UNESCO&#8217;s DNA festival in D\u00e9nia, Spain, she did not hesitate.<\/strong><\/p>\n<p class=\"normal\">\u2013 I gained an incredible amount from the trip. Several chefs from different continents worked together on the preparations for a showcooking event on stage. In the kitchen, people from completely different food cultures met who probably would never have met anywhere else. It gave me a completely new network and I am still in contact with many of them.<\/p>\n<p class=\"normal\">Lena had brought ingredients and products that she feels represent J\u00e4mtland gastronomy. She served, among other things, boiled coffee with dried meat. She also baked tunnbr\u00f6d on site, which was served with a cr\u00e8me of messm\u00f6r and fj\u00e4llkvanne as well as smoked moose heart, wild-picked mushrooms, and lingonberries from Storlien. Guests also tasted various artisan cheeses from the region, together with cloudberries, among other things.<\/p>\n<p class=\"normal\">\u2013 I saw the trip as an opportunity to show the world how we in J\u00e4mtland work with sustainability, local ingredients, and care for the animals and nature \u2013 while it was also a fantastic opportunity for me personally to expand my network.<\/p>\n<p class=\"normal\">After the trip, Lena has been visited by several chefs she met at the festival, and by others who have heard about her and J\u00e4mtland gastronomy. They have discussed similarities and differences in various food cultures and created exciting menus together with the best from both worlds.<\/p>\n<\/div><\/div><\/div><div class=\"fusion-layout-column fusion_builder_column fusion-builder-column-1 fusion_builder_column_1_2 1_2 fusion-flex-column\" style=\"--awb-bg-size:cover;--awb-width-large:50%;--awb-margin-top-large:0px;--awb-spacing-right-large:3.84%;--awb-margin-bottom-large:20px;--awb-spacing-left-large:3.84%;--awb-width-medium:50%;--awb-order-medium:0;--awb-spacing-right-medium:3.84%;--awb-spacing-left-medium:3.84%;--awb-width-small:100%;--awb-order-small:0;--awb-spacing-right-small:1.92%;--awb-spacing-left-small:1.92%;\"><div class=\"fusion-column-wrapper fusion-column-has-shadow fusion-flex-justify-content-flex-start fusion-content-layout-column\"><div class=\"fusion-image-element\" style=\"--awb-caption-title-font-family:var(--h2_typography-font-family);--awb-caption-title-font-weight:var(--h2_typography-font-weight);--awb-caption-title-font-style:var(--h2_typography-font-style);--awb-caption-title-size:var(--h2_typography-font-size);--awb-caption-title-transform:var(--h2_typography-text-transform);--awb-caption-title-line-height:var(--h2_typography-line-height);--awb-caption-title-letter-spacing:var(--h2_typography-letter-spacing);\"><span class=\" fusion-imageframe imageframe-none imageframe-1 hover-type-none\"><img decoding=\"async\" width=\"550\" height=\"413\" title=\"LenaFlaten\" src=\"https:\/\/www.creativecityostersund.se\/wp-content\/uploads\/2026\/05\/LenaFlaten.jpeg\" alt class=\"img-responsive wp-image-430\" srcset=\"https:\/\/www.creativecityostersund.se\/wp-content\/uploads\/2026\/05\/LenaFlaten-200x150.jpeg 200w, https:\/\/www.creativecityostersund.se\/wp-content\/uploads\/2026\/05\/LenaFlaten-400x300.jpeg 400w, https:\/\/www.creativecityostersund.se\/wp-content\/uploads\/2026\/05\/LenaFlaten.jpeg 550w\" sizes=\"(max-width: 640px) 100vw, 550px\" \/><\/span><\/div><\/div><\/div><\/div><\/div>\n","protected":false},"excerpt":{"rendered":"<p>Lena Flaten runs Flammans skafferi in Storlien. She has always been curious about food from other cultures. When she was given the opportunity to attend UNESCO&#8217;s DNA festival in D\u00e9nia, Spain, she did not hesitate.<\/p>\n","protected":false},"author":2,"featured_media":430,"comment_status":"open","ping_status":"open","sticky":false,"template":"","format":"standard","meta":{"footnotes":""},"categories":[15],"tags":[],"class_list":["post-429","post","type-post","status-publish","format-standard","has-post-thumbnail","hentry","category-news"],"yoast_head":"<!-- This site is optimized with the Yoast SEO plugin v28.3 - https:\/\/yoast.com\/product\/yoast-seo-wordpress\/ -->\n<title>Lena participated in a food festival in D\u00e9nia, Spain \u2013 gained a broader network - Creativecityostersund<\/title>\n<meta name=\"robots\" content=\"index, follow, max-snippet:-1, max-image-preview:large, max-video-preview:-1\" \/>\n<link rel=\"canonical\" href=\"https:\/\/www.creativecityostersund.se\/en\/lena-participated-in-a-food-festival-in-denia-spain-gained-a-broader-network\/\" \/>\n<meta property=\"og:locale\" content=\"en_US\" \/>\n<meta property=\"og:type\" content=\"article\" \/>\n<meta property=\"og:title\" content=\"Lena participated in a food festival in D\u00e9nia, Spain \u2013 gained a broader network - Creativecityostersund\" \/>\n<meta property=\"og:description\" content=\"Lena Flaten runs Flammans skafferi in Storlien. She has always been curious about food from other cultures. When she was given the opportunity to attend UNESCO&#039;s DNA festival in D\u00e9nia, Spain, she did not hesitate.\" \/>\n<meta property=\"og:url\" content=\"https:\/\/www.creativecityostersund.se\/en\/lena-participated-in-a-food-festival-in-denia-spain-gained-a-broader-network\/\" \/>\n<meta property=\"og:site_name\" content=\"Creativecityostersund\" \/>\n<meta property=\"article:publisher\" content=\"https:\/\/www.facebook.com\/creativegastronomy\" \/>\n<meta property=\"article:published_time\" content=\"2026-05-04T15:45:58+00:00\" \/>\n<meta property=\"article:modified_time\" content=\"2026-06-26T08:32:19+00:00\" \/>\n<meta property=\"og:image\" content=\"https:\/\/www.creativecityostersund.se\/wp-content\/uploads\/2026\/05\/LenaFlaten.jpeg\" \/>\n\t<meta property=\"og:image:width\" content=\"550\" \/>\n\t<meta property=\"og:image:height\" content=\"413\" \/>\n\t<meta property=\"og:image:type\" content=\"image\/jpeg\" \/>\n<meta name=\"author\" content=\"Sebastian Rydebj\u00f6rk\" \/>\n<meta name=\"twitter:card\" content=\"summary_large_image\" \/>\n<meta name=\"twitter:label1\" content=\"Written by\" \/>\n\t<meta name=\"twitter:data1\" content=\"Sebastian Rydebj\u00f6rk\" \/>\n\t<meta name=\"twitter:label2\" content=\"Est. reading time\" \/>\n\t<meta name=\"twitter:data2\" content=\"7 minutes\" \/>\n<script type=\"application\/ld+json\" class=\"yoast-schema-graph\">{\"@context\":\"https:\\\/\\\/schema.org\",\"@graph\":[{\"@type\":\"Article\",\"@id\":\"https:\\\/\\\/www.creativecityostersund.se\\\/en\\\/lena-participated-in-a-food-festival-in-denia-spain-gained-a-broader-network\\\/#article\",\"isPartOf\":{\"@id\":\"https:\\\/\\\/www.creativecityostersund.se\\\/en\\\/lena-participated-in-a-food-festival-in-denia-spain-gained-a-broader-network\\\/\"},\"author\":{\"name\":\"Sebastian Rydebj\u00f6rk\",\"@id\":\"https:\\\/\\\/www.creativecityostersund.se\\\/en\\\/#\\\/schema\\\/person\\\/75ab419e9c0ed1cd08876ff6efceead1\"},\"headline\":\"Lena participated in a food festival in D\u00e9nia, Spain \u2013 gained a broader network\",\"datePublished\":\"2026-05-04T15:45:58+00:00\",\"dateModified\":\"2026-06-26T08:32:19+00:00\",\"mainEntityOfPage\":{\"@id\":\"https:\\\/\\\/www.creativecityostersund.se\\\/en\\\/lena-participated-in-a-food-festival-in-denia-spain-gained-a-broader-network\\\/\"},\"wordCount\":1349,\"commentCount\":0,\"publisher\":{\"@id\":\"https:\\\/\\\/www.creativecityostersund.se\\\/en\\\/#organization\"},\"image\":{\"@id\":\"https:\\\/\\\/www.creativecityostersund.se\\\/en\\\/lena-participated-in-a-food-festival-in-denia-spain-gained-a-broader-network\\\/#primaryimage\"},\"thumbnailUrl\":\"https:\\\/\\\/www.creativecityostersund.se\\\/wp-content\\\/uploads\\\/2026\\\/05\\\/LenaFlaten.jpeg\",\"articleSection\":[\"News\"],\"inLanguage\":\"en-US\",\"potentialAction\":[{\"@type\":\"CommentAction\",\"name\":\"Comment\",\"target\":[\"https:\\\/\\\/www.creativecityostersund.se\\\/en\\\/lena-participated-in-a-food-festival-in-denia-spain-gained-a-broader-network\\\/#respond\"]}]},{\"@type\":\"WebPage\",\"@id\":\"https:\\\/\\\/www.creativecityostersund.se\\\/en\\\/lena-participated-in-a-food-festival-in-denia-spain-gained-a-broader-network\\\/\",\"url\":\"https:\\\/\\\/www.creativecityostersund.se\\\/en\\\/lena-participated-in-a-food-festival-in-denia-spain-gained-a-broader-network\\\/\",\"name\":\"Lena participated in a food festival in D\u00e9nia, Spain \u2013 gained a broader network - Creativecityostersund\",\"isPartOf\":{\"@id\":\"https:\\\/\\\/www.creativecityostersund.se\\\/en\\\/#website\"},\"primaryImageOfPage\":{\"@id\":\"https:\\\/\\\/www.creativecityostersund.se\\\/en\\\/lena-participated-in-a-food-festival-in-denia-spain-gained-a-broader-network\\\/#primaryimage\"},\"image\":{\"@id\":\"https:\\\/\\\/www.creativecityostersund.se\\\/en\\\/lena-participated-in-a-food-festival-in-denia-spain-gained-a-broader-network\\\/#primaryimage\"},\"thumbnailUrl\":\"https:\\\/\\\/www.creativecityostersund.se\\\/wp-content\\\/uploads\\\/2026\\\/05\\\/LenaFlaten.jpeg\",\"datePublished\":\"2026-05-04T15:45:58+00:00\",\"dateModified\":\"2026-06-26T08:32:19+00:00\",\"breadcrumb\":{\"@id\":\"https:\\\/\\\/www.creativecityostersund.se\\\/en\\\/lena-participated-in-a-food-festival-in-denia-spain-gained-a-broader-network\\\/#breadcrumb\"},\"inLanguage\":\"en-US\",\"potentialAction\":[{\"@type\":\"ReadAction\",\"target\":[\"https:\\\/\\\/www.creativecityostersund.se\\\/en\\\/lena-participated-in-a-food-festival-in-denia-spain-gained-a-broader-network\\\/\"]}]},{\"@type\":\"ImageObject\",\"inLanguage\":\"en-US\",\"@id\":\"https:\\\/\\\/www.creativecityostersund.se\\\/en\\\/lena-participated-in-a-food-festival-in-denia-spain-gained-a-broader-network\\\/#primaryimage\",\"url\":\"https:\\\/\\\/www.creativecityostersund.se\\\/wp-content\\\/uploads\\\/2026\\\/05\\\/LenaFlaten.jpeg\",\"contentUrl\":\"https:\\\/\\\/www.creativecityostersund.se\\\/wp-content\\\/uploads\\\/2026\\\/05\\\/LenaFlaten.jpeg\",\"width\":550,\"height\":413},{\"@type\":\"BreadcrumbList\",\"@id\":\"https:\\\/\\\/www.creativecityostersund.se\\\/en\\\/lena-participated-in-a-food-festival-in-denia-spain-gained-a-broader-network\\\/#breadcrumb\",\"itemListElement\":[{\"@type\":\"ListItem\",\"position\":1,\"name\":\"Hem\",\"item\":\"https:\\\/\\\/www.creativecityostersund.se\\\/en\\\/\"},{\"@type\":\"ListItem\",\"position\":2,\"name\":\"Lena participated in a food festival in D\u00e9nia, Spain \u2013 gained a broader network\"}]},{\"@type\":\"WebSite\",\"@id\":\"https:\\\/\\\/www.creativecityostersund.se\\\/en\\\/#website\",\"url\":\"https:\\\/\\\/www.creativecityostersund.se\\\/en\\\/\",\"name\":\"UNESCO Creative City of Gastronomy \u00d6stersund\",\"description\":\"Sveriges mest smaks\u00e4kra region\",\"publisher\":{\"@id\":\"https:\\\/\\\/www.creativecityostersund.se\\\/en\\\/#organization\"},\"potentialAction\":[{\"@type\":\"SearchAction\",\"target\":{\"@type\":\"EntryPoint\",\"urlTemplate\":\"https:\\\/\\\/www.creativecityostersund.se\\\/en\\\/?s={search_term_string}\"},\"query-input\":{\"@type\":\"PropertyValueSpecification\",\"valueRequired\":true,\"valueName\":\"search_term_string\"}}],\"inLanguage\":\"en-US\"},{\"@type\":\"Organization\",\"@id\":\"https:\\\/\\\/www.creativecityostersund.se\\\/en\\\/#organization\",\"name\":\"UNESCO Creative City of Gastronomy \u00d6stersund\",\"url\":\"https:\\\/\\\/www.creativecityostersund.se\\\/en\\\/\",\"logo\":{\"@type\":\"ImageObject\",\"inLanguage\":\"en-US\",\"@id\":\"https:\\\/\\\/www.creativecityostersund.se\\\/en\\\/#\\\/schema\\\/logo\\\/image\\\/\",\"url\":\"https:\\\/\\\/www.creativecityostersund.se\\\/wp-content\\\/uploads\\\/2026\\\/05\\\/Creative-city-of-gastronomy-liggande-vinrod.webp\",\"contentUrl\":\"https:\\\/\\\/www.creativecityostersund.se\\\/wp-content\\\/uploads\\\/2026\\\/05\\\/Creative-city-of-gastronomy-liggande-vinrod.webp\",\"width\":411,\"height\":146,\"caption\":\"UNESCO Creative City of Gastronomy \u00d6stersund\"},\"image\":{\"@id\":\"https:\\\/\\\/www.creativecityostersund.se\\\/en\\\/#\\\/schema\\\/logo\\\/image\\\/\"},\"sameAs\":[\"https:\\\/\\\/www.facebook.com\\\/creativegastronomy\"]},{\"@type\":\"Person\",\"@id\":\"https:\\\/\\\/www.creativecityostersund.se\\\/en\\\/#\\\/schema\\\/person\\\/75ab419e9c0ed1cd08876ff6efceead1\",\"name\":\"Sebastian Rydebj\u00f6rk\",\"image\":{\"@type\":\"ImageObject\",\"inLanguage\":\"en-US\",\"@id\":\"https:\\\/\\\/secure.gravatar.com\\\/avatar\\\/31732052c720e6e94f0e8e2e87bdd9f8d24506ff54328d9237655abddb3dff93?s=96&d=mm&r=g\",\"url\":\"https:\\\/\\\/secure.gravatar.com\\\/avatar\\\/31732052c720e6e94f0e8e2e87bdd9f8d24506ff54328d9237655abddb3dff93?s=96&d=mm&r=g\",\"contentUrl\":\"https:\\\/\\\/secure.gravatar.com\\\/avatar\\\/31732052c720e6e94f0e8e2e87bdd9f8d24506ff54328d9237655abddb3dff93?s=96&d=mm&r=g\",\"caption\":\"Sebastian Rydebj\u00f6rk\"},\"url\":\"https:\\\/\\\/www.creativecityostersund.se\\\/en\\\/author\\\/sebastian\\\/\"}]}<\/script>\n<!-- \/ Yoast SEO plugin. -->","yoast_head_json":{"title":"Lena participated in a food festival in D\u00e9nia, Spain \u2013 gained a broader network - Creativecityostersund","robots":{"index":"index","follow":"follow","max-snippet":"max-snippet:-1","max-image-preview":"max-image-preview:large","max-video-preview":"max-video-preview:-1"},"canonical":"https:\/\/www.creativecityostersund.se\/en\/lena-participated-in-a-food-festival-in-denia-spain-gained-a-broader-network\/","og_locale":"en_US","og_type":"article","og_title":"Lena participated in a food festival in D\u00e9nia, Spain \u2013 gained a broader network - Creativecityostersund","og_description":"Lena Flaten runs Flammans skafferi in Storlien. She has always been curious about food from other cultures. When she was given the opportunity to attend UNESCO's DNA festival in D\u00e9nia, Spain, she did not hesitate.","og_url":"https:\/\/www.creativecityostersund.se\/en\/lena-participated-in-a-food-festival-in-denia-spain-gained-a-broader-network\/","og_site_name":"Creativecityostersund","article_publisher":"https:\/\/www.facebook.com\/creativegastronomy","article_published_time":"2026-05-04T15:45:58+00:00","article_modified_time":"2026-06-26T08:32:19+00:00","og_image":[{"width":550,"height":413,"url":"https:\/\/www.creativecityostersund.se\/wp-content\/uploads\/2026\/05\/LenaFlaten.jpeg","type":"image\/jpeg"}],"author":"Sebastian Rydebj\u00f6rk","twitter_card":"summary_large_image","twitter_misc":{"Written by":"Sebastian Rydebj\u00f6rk","Est. reading time":"7 minutes"},"schema":{"@context":"https:\/\/schema.org","@graph":[{"@type":"Article","@id":"https:\/\/www.creativecityostersund.se\/en\/lena-participated-in-a-food-festival-in-denia-spain-gained-a-broader-network\/#article","isPartOf":{"@id":"https:\/\/www.creativecityostersund.se\/en\/lena-participated-in-a-food-festival-in-denia-spain-gained-a-broader-network\/"},"author":{"name":"Sebastian Rydebj\u00f6rk","@id":"https:\/\/www.creativecityostersund.se\/en\/#\/schema\/person\/75ab419e9c0ed1cd08876ff6efceead1"},"headline":"Lena participated in a food festival in D\u00e9nia, Spain \u2013 gained a broader network","datePublished":"2026-05-04T15:45:58+00:00","dateModified":"2026-06-26T08:32:19+00:00","mainEntityOfPage":{"@id":"https:\/\/www.creativecityostersund.se\/en\/lena-participated-in-a-food-festival-in-denia-spain-gained-a-broader-network\/"},"wordCount":1349,"commentCount":0,"publisher":{"@id":"https:\/\/www.creativecityostersund.se\/en\/#organization"},"image":{"@id":"https:\/\/www.creativecityostersund.se\/en\/lena-participated-in-a-food-festival-in-denia-spain-gained-a-broader-network\/#primaryimage"},"thumbnailUrl":"https:\/\/www.creativecityostersund.se\/wp-content\/uploads\/2026\/05\/LenaFlaten.jpeg","articleSection":["News"],"inLanguage":"en-US","potentialAction":[{"@type":"CommentAction","name":"Comment","target":["https:\/\/www.creativecityostersund.se\/en\/lena-participated-in-a-food-festival-in-denia-spain-gained-a-broader-network\/#respond"]}]},{"@type":"WebPage","@id":"https:\/\/www.creativecityostersund.se\/en\/lena-participated-in-a-food-festival-in-denia-spain-gained-a-broader-network\/","url":"https:\/\/www.creativecityostersund.se\/en\/lena-participated-in-a-food-festival-in-denia-spain-gained-a-broader-network\/","name":"Lena participated in a food festival in D\u00e9nia, Spain \u2013 gained a broader network - Creativecityostersund","isPartOf":{"@id":"https:\/\/www.creativecityostersund.se\/en\/#website"},"primaryImageOfPage":{"@id":"https:\/\/www.creativecityostersund.se\/en\/lena-participated-in-a-food-festival-in-denia-spain-gained-a-broader-network\/#primaryimage"},"image":{"@id":"https:\/\/www.creativecityostersund.se\/en\/lena-participated-in-a-food-festival-in-denia-spain-gained-a-broader-network\/#primaryimage"},"thumbnailUrl":"https:\/\/www.creativecityostersund.se\/wp-content\/uploads\/2026\/05\/LenaFlaten.jpeg","datePublished":"2026-05-04T15:45:58+00:00","dateModified":"2026-06-26T08:32:19+00:00","breadcrumb":{"@id":"https:\/\/www.creativecityostersund.se\/en\/lena-participated-in-a-food-festival-in-denia-spain-gained-a-broader-network\/#breadcrumb"},"inLanguage":"en-US","potentialAction":[{"@type":"ReadAction","target":["https:\/\/www.creativecityostersund.se\/en\/lena-participated-in-a-food-festival-in-denia-spain-gained-a-broader-network\/"]}]},{"@type":"ImageObject","inLanguage":"en-US","@id":"https:\/\/www.creativecityostersund.se\/en\/lena-participated-in-a-food-festival-in-denia-spain-gained-a-broader-network\/#primaryimage","url":"https:\/\/www.creativecityostersund.se\/wp-content\/uploads\/2026\/05\/LenaFlaten.jpeg","contentUrl":"https:\/\/www.creativecityostersund.se\/wp-content\/uploads\/2026\/05\/LenaFlaten.jpeg","width":550,"height":413},{"@type":"BreadcrumbList","@id":"https:\/\/www.creativecityostersund.se\/en\/lena-participated-in-a-food-festival-in-denia-spain-gained-a-broader-network\/#breadcrumb","itemListElement":[{"@type":"ListItem","position":1,"name":"Hem","item":"https:\/\/www.creativecityostersund.se\/en\/"},{"@type":"ListItem","position":2,"name":"Lena participated in a food festival in D\u00e9nia, Spain \u2013 gained a broader network"}]},{"@type":"WebSite","@id":"https:\/\/www.creativecityostersund.se\/en\/#website","url":"https:\/\/www.creativecityostersund.se\/en\/","name":"UNESCO Creative City of Gastronomy \u00d6stersund","description":"Sveriges mest smaks\u00e4kra region","publisher":{"@id":"https:\/\/www.creativecityostersund.se\/en\/#organization"},"potentialAction":[{"@type":"SearchAction","target":{"@type":"EntryPoint","urlTemplate":"https:\/\/www.creativecityostersund.se\/en\/?s={search_term_string}"},"query-input":{"@type":"PropertyValueSpecification","valueRequired":true,"valueName":"search_term_string"}}],"inLanguage":"en-US"},{"@type":"Organization","@id":"https:\/\/www.creativecityostersund.se\/en\/#organization","name":"UNESCO Creative City of Gastronomy \u00d6stersund","url":"https:\/\/www.creativecityostersund.se\/en\/","logo":{"@type":"ImageObject","inLanguage":"en-US","@id":"https:\/\/www.creativecityostersund.se\/en\/#\/schema\/logo\/image\/","url":"https:\/\/www.creativecityostersund.se\/wp-content\/uploads\/2026\/05\/Creative-city-of-gastronomy-liggande-vinrod.webp","contentUrl":"https:\/\/www.creativecityostersund.se\/wp-content\/uploads\/2026\/05\/Creative-city-of-gastronomy-liggande-vinrod.webp","width":411,"height":146,"caption":"UNESCO Creative City of Gastronomy \u00d6stersund"},"image":{"@id":"https:\/\/www.creativecityostersund.se\/en\/#\/schema\/logo\/image\/"},"sameAs":["https:\/\/www.facebook.com\/creativegastronomy"]},{"@type":"Person","@id":"https:\/\/www.creativecityostersund.se\/en\/#\/schema\/person\/75ab419e9c0ed1cd08876ff6efceead1","name":"Sebastian Rydebj\u00f6rk","image":{"@type":"ImageObject","inLanguage":"en-US","@id":"https:\/\/secure.gravatar.com\/avatar\/31732052c720e6e94f0e8e2e87bdd9f8d24506ff54328d9237655abddb3dff93?s=96&d=mm&r=g","url":"https:\/\/secure.gravatar.com\/avatar\/31732052c720e6e94f0e8e2e87bdd9f8d24506ff54328d9237655abddb3dff93?s=96&d=mm&r=g","contentUrl":"https:\/\/secure.gravatar.com\/avatar\/31732052c720e6e94f0e8e2e87bdd9f8d24506ff54328d9237655abddb3dff93?s=96&d=mm&r=g","caption":"Sebastian Rydebj\u00f6rk"},"url":"https:\/\/www.creativecityostersund.se\/en\/author\/sebastian\/"}]}},"_links":{"self":[{"href":"https:\/\/www.creativecityostersund.se\/en\/wp-json\/wp\/v2\/posts\/429","targetHints":{"allow":["GET"]}}],"collection":[{"href":"https:\/\/www.creativecityostersund.se\/en\/wp-json\/wp\/v2\/posts"}],"about":[{"href":"https:\/\/www.creativecityostersund.se\/en\/wp-json\/wp\/v2\/types\/post"}],"author":[{"embeddable":true,"href":"https:\/\/www.creativecityostersund.se\/en\/wp-json\/wp\/v2\/users\/2"}],"replies":[{"embeddable":true,"href":"https:\/\/www.creativecityostersund.se\/en\/wp-json\/wp\/v2\/comments?post=429"}],"version-history":[{"count":4,"href":"https:\/\/www.creativecityostersund.se\/en\/wp-json\/wp\/v2\/posts\/429\/revisions"}],"predecessor-version":[{"id":436,"href":"https:\/\/www.creativecityostersund.se\/en\/wp-json\/wp\/v2\/posts\/429\/revisions\/436"}],"wp:featuredmedia":[{"embeddable":true,"href":"https:\/\/www.creativecityostersund.se\/en\/wp-json\/wp\/v2\/media\/430"}],"wp:attachment":[{"href":"https:\/\/www.creativecityostersund.se\/en\/wp-json\/wp\/v2\/media?parent=429"}],"wp:term":[{"taxonomy":"category","embeddable":true,"href":"https:\/\/www.creativecityostersund.se\/en\/wp-json\/wp\/v2\/categories?post=429"},{"taxonomy":"post_tag","embeddable":true,"href":"https:\/\/www.creativecityostersund.se\/en\/wp-json\/wp\/v2\/tags?post=429"}],"curies":[{"name":"wp","href":"https:\/\/api.w.org\/{rel}","templated":true}]}}