{"id":397,"date":"2026-05-15T09:51:25","date_gmt":"2026-05-15T07:51:25","guid":{"rendered":"https:\/\/www.creativecityostersund.se\/from-as-to-asia-petra-and-ulrika-brought-jamtlands-flavors-to-the-world\/"},"modified":"2026-06-26T10:31:53","modified_gmt":"2026-06-26T08:31:53","slug":"from-as-to-asia-petra-and-ulrika-brought-jamtlands-flavors-to-the-world","status":"publish","type":"post","link":"https:\/\/www.creativecityostersund.se\/en\/from-as-to-asia-petra-and-ulrika-brought-jamtlands-flavors-to-the-world\/","title":{"rendered":"From \u00c5s to Asia \u2013 Petra and Ulrika brought J\u00e4mtland&#8217;s flavors to the world"},"content":{"rendered":"<div class=\"fusion-fullwidth fullwidth-box fusion-builder-row-1 fusion-flex-container has-pattern-background has-mask-background nonhundred-percent-fullwidth non-hundred-percent-height-scrolling\" style=\"--awb-border-radius-top-left:0px;--awb-border-radius-top-right:0px;--awb-border-radius-bottom-right:0px;--awb-border-radius-bottom-left:0px;--awb-flex-wrap:wrap;\" ><div class=\"fusion-builder-row fusion-row fusion-flex-align-items-flex-start fusion-flex-content-wrap\" style=\"max-width:1248px;margin-left: calc(-4% \/ 2 );margin-right: calc(-4% \/ 2 );\"><div class=\"fusion-layout-column fusion_builder_column fusion-builder-column-0 fusion_builder_column_1_2 1_2 fusion-flex-column\" style=\"--awb-bg-size:cover;--awb-width-large:50%;--awb-margin-top-large:0px;--awb-spacing-right-large:3.84%;--awb-margin-bottom-large:20px;--awb-spacing-left-large:3.84%;--awb-width-medium:50%;--awb-order-medium:0;--awb-spacing-right-medium:3.84%;--awb-spacing-left-medium:3.84%;--awb-width-small:100%;--awb-order-small:0;--awb-spacing-right-small:1.92%;--awb-spacing-left-small:1.92%;\"><div class=\"fusion-column-wrapper fusion-column-has-shadow fusion-flex-justify-content-flex-start fusion-content-layout-column\"><div class=\"fusion-title title fusion-title-1 fusion-sep-none fusion-title-text fusion-title-size-two\" style=\"--awb-margin-top-small:10px;--awb-margin-right-small:0px;--awb-margin-bottom-small:10px;--awb-margin-left-small:0px;\"><h2 class=\"fusion-title-heading title-heading-left fusion-responsive-typography-calculated\" style=\"margin:0;--fontSize:48;line-height:var(--awb-typography1-line-height);\">From \u00c5s to Asia \u2013 Petra and Ulrika brought J\u00e4mtland&#8217;s flavors to the world<\/h2><\/div><div class=\"fusion-text fusion-text-1\"><p class=\"normal\"><strong>Torsta Farm Restaurant in \u00c5s has put J\u00e4mtland H\u00e4rjedalen on the international gastronomy map. When Petra and Ulrika represented the region in Macao, the trip was both intense and educational \u2013 and the food was a success. <\/strong><\/p>\n<div id=\"svid12_5bd8b2ae19cfd1e6ab257b\" class=\"sv-text-portlet sv-use-margins\">\n<div class=\"sv-text-portlet-content\">\n<p class=\"normal\"><img decoding=\"async\" class=\"size-full wp-image-318 alignleft\" src=\"https:\/\/www.creativecityostersund.se\/wp-content\/uploads\/2026\/05\/47A3964.png\" alt=\"\" width=\"130\" height=\"195\">\u201cIf you get the chance to go, you should take it. It&#8217;s an experience for life,\u201d says Petra K\u00f6nberg, one of the chefs who, together with Ulrika Nor\u00e9n, works at Torsta Farm Restaurant in \u00c5s. Here, food is prepared from scratch with ingredients from their own farm and a clear holistic approach where the entire raw ingredient is utilized.  <\/p>\n<\/div>\n<\/div>\n<div id=\"svid12_5bd8b2ae19cfd1e6ab25ac\" class=\"sv-text-portlet sv-use-margins\">\n<div class=\"sv-text-portlet-content\">\n<p class=\"normal\">In the summer of 2025, Petra and Ulrika were selected to represent \u00d6stersund Municipality and Region J\u00e4mtland H\u00e4rjedalen at the International Cities of Gastronomy Fest in Macao, China.<\/p>\n<\/div>\n<\/div>\n<\/div><div class=\"fusion-title title fusion-title-2 fusion-sep-none fusion-title-text fusion-title-size-three\" style=\"--awb-margin-top-small:10px;--awb-margin-right-small:0px;--awb-margin-bottom-small:10px;--awb-margin-left-small:0px;\"><h3 class=\"fusion-title-heading title-heading-left fusion-responsive-typography-calculated\" style=\"margin:0;--fontSize:36;line-height:var(--awb-typography1-line-height);\"><p id=\"h-Intensivtfranstart\" class=\"subheading\">Intense from the start<\/p><\/h3><\/div><div class=\"fusion-text fusion-text-2\"><p class=\"normal\">The trip became intense right from the start. A typhoon swept over the area, shortening their stay. The schedule was rearranged, and the cooking, originally planned over several days, had to be carried out consecutively.  <\/p>\n<p class=\"normal\">\u201cInstead of cooking our dishes on two separate days, we had to cook everything in one go. It was very intense,\u201d says Ulrika. <\/p>\n<\/div><div class=\"fusion-title title fusion-title-3 fusion-sep-none fusion-title-text fusion-title-size-three\" style=\"--awb-margin-top-small:10px;--awb-margin-right-small:0px;--awb-margin-bottom-small:10px;--awb-margin-left-small:0px;\"><h3 class=\"fusion-title-heading title-heading-left fusion-responsive-typography-calculated\" style=\"margin:0;--fontSize:36;line-height:var(--awb-typography1-line-height);\"><p id=\"h-Intensivtfranstart\" class=\"subheading\">It was scary<\/p><\/h3><\/div><div class=\"fusion-text fusion-text-3\"><p class=\"normal\">For both Petra and Ulrika, it was their first time cooking in front of an audience. Standing on stage and presenting their culinary craftsmanship to international visitors was nerve-wracking, but the experience turned out to be positive. <\/p>\n<p>\u201cIt was scary, but also incredibly developing,\u201d says Petra.<\/p>\n<\/div><\/div><\/div><div class=\"fusion-layout-column fusion_builder_column fusion-builder-column-1 fusion_builder_column_1_2 1_2 fusion-flex-column\" style=\"--awb-bg-size:cover;--awb-width-large:50%;--awb-margin-top-large:0px;--awb-spacing-right-large:3.84%;--awb-margin-bottom-large:20px;--awb-spacing-left-large:3.84%;--awb-width-medium:50%;--awb-order-medium:0;--awb-spacing-right-medium:3.84%;--awb-spacing-left-medium:3.84%;--awb-width-small:100%;--awb-order-small:0;--awb-spacing-right-small:1.92%;--awb-spacing-left-small:1.92%;\"><div class=\"fusion-column-wrapper fusion-column-has-shadow fusion-flex-justify-content-flex-start fusion-content-layout-column\"><div class=\"fusion-image-element\" style=\"--awb-margin-bottom:10px;--awb-caption-title-font-family:var(--h2_typography-font-family);--awb-caption-title-font-weight:var(--h2_typography-font-weight);--awb-caption-title-font-style:var(--h2_typography-font-style);--awb-caption-title-size:var(--h2_typography-font-size);--awb-caption-title-transform:var(--h2_typography-text-transform);--awb-caption-title-line-height:var(--h2_typography-line-height);--awb-caption-title-letter-spacing:var(--h2_typography-letter-spacing);\"><span class=\" fusion-imageframe imageframe-none imageframe-1 hover-type-none\"><img decoding=\"async\" width=\"620\" height=\"413\" title=\"538081782_1340995304694099_4815978916452352045_n\" src=\"https:\/\/www.creativecityostersund.se\/wp-content\/uploads\/2026\/05\/538081782_1340995304694099_4815978916452352045_n.png\" alt class=\"img-responsive wp-image-398\" srcset=\"https:\/\/www.creativecityostersund.se\/wp-content\/uploads\/2026\/05\/538081782_1340995304694099_4815978916452352045_n-200x133.png 200w, https:\/\/www.creativecityostersund.se\/wp-content\/uploads\/2026\/05\/538081782_1340995304694099_4815978916452352045_n-400x266.png 400w, https:\/\/www.creativecityostersund.se\/wp-content\/uploads\/2026\/05\/538081782_1340995304694099_4815978916452352045_n-600x400.png 600w, https:\/\/www.creativecityostersund.se\/wp-content\/uploads\/2026\/05\/538081782_1340995304694099_4815978916452352045_n.png 620w\" sizes=\"(max-width: 640px) 100vw, 600px\" \/><\/span><\/div><div class=\"fusion-text fusion-text-4\" style=\"--awb-font-size:13px;\"><p>Photo: Torsta AB<\/p>\n<\/div><div class=\"fusion-title title fusion-title-4 fusion-sep-none fusion-title-text fusion-title-size-three\" style=\"--awb-margin-top-small:10px;--awb-margin-right-small:0px;--awb-margin-bottom-small:10px;--awb-margin-left-small:0px;\"><h3 class=\"fusion-title-heading title-heading-left fusion-responsive-typography-calculated\" style=\"margin:0;--fontSize:36;line-height:var(--awb-typography1-line-height);\"><p id=\"h-Renkottvackteintresse\" class=\"subheading\">Reindeer meat sparked interest<\/p><\/h3><\/div><div class=\"fusion-text fusion-text-5\"><p class=\"normal\">The dishes served were clearly rooted in J\u00e4mtland H\u00e4rjedalen. Among other things, they offered rye sourdough pancakes with thyme and spruce shoot cr\u00e8me, butter-fried mushrooms and smoked reindeer, as well as rosemary-glazed rutabaga with garlic-filled pearl onions and cumin-fried lamb fillet. <\/p>\n<p class=\"normal\">\u201cIt was primarily the reindeer meat that sparked interest. Many asked for more and wanted to know where it came from,\u201d says Ulrika. <\/p>\n<\/div><div class=\"fusion-title title fusion-title-5 fusion-sep-none fusion-title-text fusion-title-size-three\" style=\"--awb-margin-top-small:10px;--awb-margin-right-small:0px;--awb-margin-bottom-small:10px;--awb-margin-left-small:0px;\"><h3 class=\"fusion-title-heading title-heading-left fusion-responsive-typography-calculated\" style=\"margin:0;--fontSize:36;line-height:var(--awb-typography1-line-height);\"><p id=\"h-Renkottvackteintresse\" class=\"subheading\">An experience for life<\/p><\/h3><\/div><div class=\"fusion-text fusion-text-6\"><p class=\"normal\">Despite the tight schedule, Petra and Ulrika describe the trip as both fun and rewarding.<\/p>\n<p class=\"normal\">\u201cIf you get the chance to go, you should take it. It's an experience for life,\u201d says Petra. <\/p>\n<p class=\"normal\">The next festival is planned for March, when weather conditions are more stable, and the hope is to represent the region again.<\/p>\n<\/div><\/div><\/div><\/div><\/div>\n","protected":false},"excerpt":{"rendered":"<p>Torsta Farm Restaurant in \u00c5s has put J\u00e4mtland H\u00e4rjedalen on the international gastronomy map. When Petra and Ulrika represented the region in Macao, the trip was both intense and educational \u2013 and the food was a success. <\/p>\n","protected":false},"author":2,"featured_media":398,"comment_status":"open","ping_status":"open","sticky":false,"template":"","format":"standard","meta":{"footnotes":""},"categories":[15],"tags":[],"class_list":["post-397","post","type-post","status-publish","format-standard","has-post-thumbnail","hentry","category-news"],"yoast_head":"<!-- This site is optimized with the Yoast SEO plugin v28.3 - https:\/\/yoast.com\/product\/yoast-seo-wordpress\/ -->\n<title>From \u00c5s to Asia \u2013 Petra and Ulrika brought J\u00e4mtland&#039;s flavors to the world - Creativecityostersund<\/title>\n<meta name=\"robots\" content=\"index, follow, max-snippet:-1, max-image-preview:large, max-video-preview:-1\" \/>\n<link rel=\"canonical\" href=\"https:\/\/www.creativecityostersund.se\/en\/from-as-to-asia-petra-and-ulrika-brought-jamtlands-flavors-to-the-world\/\" \/>\n<meta property=\"og:locale\" content=\"en_US\" \/>\n<meta property=\"og:type\" content=\"article\" \/>\n<meta property=\"og:title\" content=\"From \u00c5s to Asia \u2013 Petra and Ulrika brought J\u00e4mtland&#039;s flavors to the world - Creativecityostersund\" \/>\n<meta property=\"og:description\" content=\"Torsta Farm Restaurant in \u00c5s has put J\u00e4mtland H\u00e4rjedalen on the international gastronomy map. When Petra and Ulrika represented the region in Macao, the trip was both intense and educational \u2013 and the food was a success.\" \/>\n<meta property=\"og:url\" content=\"https:\/\/www.creativecityostersund.se\/en\/from-as-to-asia-petra-and-ulrika-brought-jamtlands-flavors-to-the-world\/\" \/>\n<meta property=\"og:site_name\" content=\"Creativecityostersund\" \/>\n<meta property=\"article:publisher\" content=\"https:\/\/www.facebook.com\/creativegastronomy\" \/>\n<meta property=\"article:published_time\" content=\"2026-05-15T07:51:25+00:00\" \/>\n<meta property=\"article:modified_time\" content=\"2026-06-26T08:31:53+00:00\" \/>\n<meta property=\"og:image\" content=\"https:\/\/www.creativecityostersund.se\/wp-content\/uploads\/2026\/05\/538081782_1340995304694099_4815978916452352045_n.png\" \/>\n\t<meta property=\"og:image:width\" content=\"620\" \/>\n\t<meta property=\"og:image:height\" content=\"413\" \/>\n\t<meta property=\"og:image:type\" content=\"image\/png\" \/>\n<meta name=\"author\" content=\"Sebastian Rydebj\u00f6rk\" \/>\n<meta name=\"twitter:card\" content=\"summary_large_image\" \/>\n<meta name=\"twitter:label1\" content=\"Written by\" \/>\n\t<meta name=\"twitter:data1\" content=\"Sebastian Rydebj\u00f6rk\" \/>\n\t<meta name=\"twitter:label2\" content=\"Est. reading time\" \/>\n\t<meta name=\"twitter:data2\" content=\"11 minutes\" \/>\n<script type=\"application\/ld+json\" class=\"yoast-schema-graph\">{\"@context\":\"https:\\\/\\\/schema.org\",\"@graph\":[{\"@type\":\"Article\",\"@id\":\"https:\\\/\\\/www.creativecityostersund.se\\\/en\\\/from-as-to-asia-petra-and-ulrika-brought-jamtlands-flavors-to-the-world\\\/#article\",\"isPartOf\":{\"@id\":\"https:\\\/\\\/www.creativecityostersund.se\\\/en\\\/from-as-to-asia-petra-and-ulrika-brought-jamtlands-flavors-to-the-world\\\/\"},\"author\":{\"name\":\"Sebastian Rydebj\u00f6rk\",\"@id\":\"https:\\\/\\\/www.creativecityostersund.se\\\/en\\\/#\\\/schema\\\/person\\\/75ab419e9c0ed1cd08876ff6efceead1\"},\"headline\":\"From \u00c5s to Asia \u2013 Petra and Ulrika brought J\u00e4mtland&#8217;s flavors to the world\",\"datePublished\":\"2026-05-15T07:51:25+00:00\",\"dateModified\":\"2026-06-26T08:31:53+00:00\",\"mainEntityOfPage\":{\"@id\":\"https:\\\/\\\/www.creativecityostersund.se\\\/en\\\/from-as-to-asia-petra-and-ulrika-brought-jamtlands-flavors-to-the-world\\\/\"},\"wordCount\":2156,\"commentCount\":0,\"publisher\":{\"@id\":\"https:\\\/\\\/www.creativecityostersund.se\\\/en\\\/#organization\"},\"image\":{\"@id\":\"https:\\\/\\\/www.creativecityostersund.se\\\/en\\\/from-as-to-asia-petra-and-ulrika-brought-jamtlands-flavors-to-the-world\\\/#primaryimage\"},\"thumbnailUrl\":\"https:\\\/\\\/www.creativecityostersund.se\\\/wp-content\\\/uploads\\\/2026\\\/05\\\/538081782_1340995304694099_4815978916452352045_n.png\",\"articleSection\":[\"News\"],\"inLanguage\":\"en-US\",\"potentialAction\":[{\"@type\":\"CommentAction\",\"name\":\"Comment\",\"target\":[\"https:\\\/\\\/www.creativecityostersund.se\\\/en\\\/from-as-to-asia-petra-and-ulrika-brought-jamtlands-flavors-to-the-world\\\/#respond\"]}]},{\"@type\":\"WebPage\",\"@id\":\"https:\\\/\\\/www.creativecityostersund.se\\\/en\\\/from-as-to-asia-petra-and-ulrika-brought-jamtlands-flavors-to-the-world\\\/\",\"url\":\"https:\\\/\\\/www.creativecityostersund.se\\\/en\\\/from-as-to-asia-petra-and-ulrika-brought-jamtlands-flavors-to-the-world\\\/\",\"name\":\"From \u00c5s to Asia \u2013 Petra and Ulrika brought J\u00e4mtland's flavors to the world - Creativecityostersund\",\"isPartOf\":{\"@id\":\"https:\\\/\\\/www.creativecityostersund.se\\\/en\\\/#website\"},\"primaryImageOfPage\":{\"@id\":\"https:\\\/\\\/www.creativecityostersund.se\\\/en\\\/from-as-to-asia-petra-and-ulrika-brought-jamtlands-flavors-to-the-world\\\/#primaryimage\"},\"image\":{\"@id\":\"https:\\\/\\\/www.creativecityostersund.se\\\/en\\\/from-as-to-asia-petra-and-ulrika-brought-jamtlands-flavors-to-the-world\\\/#primaryimage\"},\"thumbnailUrl\":\"https:\\\/\\\/www.creativecityostersund.se\\\/wp-content\\\/uploads\\\/2026\\\/05\\\/538081782_1340995304694099_4815978916452352045_n.png\",\"datePublished\":\"2026-05-15T07:51:25+00:00\",\"dateModified\":\"2026-06-26T08:31:53+00:00\",\"breadcrumb\":{\"@id\":\"https:\\\/\\\/www.creativecityostersund.se\\\/en\\\/from-as-to-asia-petra-and-ulrika-brought-jamtlands-flavors-to-the-world\\\/#breadcrumb\"},\"inLanguage\":\"en-US\",\"potentialAction\":[{\"@type\":\"ReadAction\",\"target\":[\"https:\\\/\\\/www.creativecityostersund.se\\\/en\\\/from-as-to-asia-petra-and-ulrika-brought-jamtlands-flavors-to-the-world\\\/\"]}]},{\"@type\":\"ImageObject\",\"inLanguage\":\"en-US\",\"@id\":\"https:\\\/\\\/www.creativecityostersund.se\\\/en\\\/from-as-to-asia-petra-and-ulrika-brought-jamtlands-flavors-to-the-world\\\/#primaryimage\",\"url\":\"https:\\\/\\\/www.creativecityostersund.se\\\/wp-content\\\/uploads\\\/2026\\\/05\\\/538081782_1340995304694099_4815978916452352045_n.png\",\"contentUrl\":\"https:\\\/\\\/www.creativecityostersund.se\\\/wp-content\\\/uploads\\\/2026\\\/05\\\/538081782_1340995304694099_4815978916452352045_n.png\",\"width\":620,\"height\":413},{\"@type\":\"BreadcrumbList\",\"@id\":\"https:\\\/\\\/www.creativecityostersund.se\\\/en\\\/from-as-to-asia-petra-and-ulrika-brought-jamtlands-flavors-to-the-world\\\/#breadcrumb\",\"itemListElement\":[{\"@type\":\"ListItem\",\"position\":1,\"name\":\"Hem\",\"item\":\"https:\\\/\\\/www.creativecityostersund.se\\\/en\\\/\"},{\"@type\":\"ListItem\",\"position\":2,\"name\":\"From \u00c5s to Asia \u2013 Petra and Ulrika brought J\u00e4mtland&#8217;s flavors to the world\"}]},{\"@type\":\"WebSite\",\"@id\":\"https:\\\/\\\/www.creativecityostersund.se\\\/en\\\/#website\",\"url\":\"https:\\\/\\\/www.creativecityostersund.se\\\/en\\\/\",\"name\":\"UNESCO Creative City of Gastronomy \u00d6stersund\",\"description\":\"Sveriges mest smaks\u00e4kra region\",\"publisher\":{\"@id\":\"https:\\\/\\\/www.creativecityostersund.se\\\/en\\\/#organization\"},\"potentialAction\":[{\"@type\":\"SearchAction\",\"target\":{\"@type\":\"EntryPoint\",\"urlTemplate\":\"https:\\\/\\\/www.creativecityostersund.se\\\/en\\\/?s={search_term_string}\"},\"query-input\":{\"@type\":\"PropertyValueSpecification\",\"valueRequired\":true,\"valueName\":\"search_term_string\"}}],\"inLanguage\":\"en-US\"},{\"@type\":\"Organization\",\"@id\":\"https:\\\/\\\/www.creativecityostersund.se\\\/en\\\/#organization\",\"name\":\"UNESCO Creative City of Gastronomy \u00d6stersund\",\"url\":\"https:\\\/\\\/www.creativecityostersund.se\\\/en\\\/\",\"logo\":{\"@type\":\"ImageObject\",\"inLanguage\":\"en-US\",\"@id\":\"https:\\\/\\\/www.creativecityostersund.se\\\/en\\\/#\\\/schema\\\/logo\\\/image\\\/\",\"url\":\"https:\\\/\\\/www.creativecityostersund.se\\\/wp-content\\\/uploads\\\/2026\\\/05\\\/Creative-city-of-gastronomy-liggande-vinrod.webp\",\"contentUrl\":\"https:\\\/\\\/www.creativecityostersund.se\\\/wp-content\\\/uploads\\\/2026\\\/05\\\/Creative-city-of-gastronomy-liggande-vinrod.webp\",\"width\":411,\"height\":146,\"caption\":\"UNESCO Creative City of Gastronomy \u00d6stersund\"},\"image\":{\"@id\":\"https:\\\/\\\/www.creativecityostersund.se\\\/en\\\/#\\\/schema\\\/logo\\\/image\\\/\"},\"sameAs\":[\"https:\\\/\\\/www.facebook.com\\\/creativegastronomy\"]},{\"@type\":\"Person\",\"@id\":\"https:\\\/\\\/www.creativecityostersund.se\\\/en\\\/#\\\/schema\\\/person\\\/75ab419e9c0ed1cd08876ff6efceead1\",\"name\":\"Sebastian Rydebj\u00f6rk\",\"image\":{\"@type\":\"ImageObject\",\"inLanguage\":\"en-US\",\"@id\":\"https:\\\/\\\/secure.gravatar.com\\\/avatar\\\/31732052c720e6e94f0e8e2e87bdd9f8d24506ff54328d9237655abddb3dff93?s=96&d=mm&r=g\",\"url\":\"https:\\\/\\\/secure.gravatar.com\\\/avatar\\\/31732052c720e6e94f0e8e2e87bdd9f8d24506ff54328d9237655abddb3dff93?s=96&d=mm&r=g\",\"contentUrl\":\"https:\\\/\\\/secure.gravatar.com\\\/avatar\\\/31732052c720e6e94f0e8e2e87bdd9f8d24506ff54328d9237655abddb3dff93?s=96&d=mm&r=g\",\"caption\":\"Sebastian Rydebj\u00f6rk\"},\"url\":\"https:\\\/\\\/www.creativecityostersund.se\\\/en\\\/author\\\/sebastian\\\/\"}]}<\/script>\n<!-- \/ Yoast SEO plugin. -->","yoast_head_json":{"title":"From \u00c5s to Asia \u2013 Petra and Ulrika brought J\u00e4mtland's flavors to the world - Creativecityostersund","robots":{"index":"index","follow":"follow","max-snippet":"max-snippet:-1","max-image-preview":"max-image-preview:large","max-video-preview":"max-video-preview:-1"},"canonical":"https:\/\/www.creativecityostersund.se\/en\/from-as-to-asia-petra-and-ulrika-brought-jamtlands-flavors-to-the-world\/","og_locale":"en_US","og_type":"article","og_title":"From \u00c5s to Asia \u2013 Petra and Ulrika brought J\u00e4mtland's flavors to the world - Creativecityostersund","og_description":"Torsta Farm Restaurant in \u00c5s has put J\u00e4mtland H\u00e4rjedalen on the international gastronomy map. When Petra and Ulrika represented the region in Macao, the trip was both intense and educational \u2013 and the food was a success.","og_url":"https:\/\/www.creativecityostersund.se\/en\/from-as-to-asia-petra-and-ulrika-brought-jamtlands-flavors-to-the-world\/","og_site_name":"Creativecityostersund","article_publisher":"https:\/\/www.facebook.com\/creativegastronomy","article_published_time":"2026-05-15T07:51:25+00:00","article_modified_time":"2026-06-26T08:31:53+00:00","og_image":[{"width":620,"height":413,"url":"https:\/\/www.creativecityostersund.se\/wp-content\/uploads\/2026\/05\/538081782_1340995304694099_4815978916452352045_n.png","type":"image\/png"}],"author":"Sebastian Rydebj\u00f6rk","twitter_card":"summary_large_image","twitter_misc":{"Written by":"Sebastian Rydebj\u00f6rk","Est. reading time":"11 minutes"},"schema":{"@context":"https:\/\/schema.org","@graph":[{"@type":"Article","@id":"https:\/\/www.creativecityostersund.se\/en\/from-as-to-asia-petra-and-ulrika-brought-jamtlands-flavors-to-the-world\/#article","isPartOf":{"@id":"https:\/\/www.creativecityostersund.se\/en\/from-as-to-asia-petra-and-ulrika-brought-jamtlands-flavors-to-the-world\/"},"author":{"name":"Sebastian Rydebj\u00f6rk","@id":"https:\/\/www.creativecityostersund.se\/en\/#\/schema\/person\/75ab419e9c0ed1cd08876ff6efceead1"},"headline":"From \u00c5s to Asia \u2013 Petra and Ulrika brought J\u00e4mtland&#8217;s flavors to the world","datePublished":"2026-05-15T07:51:25+00:00","dateModified":"2026-06-26T08:31:53+00:00","mainEntityOfPage":{"@id":"https:\/\/www.creativecityostersund.se\/en\/from-as-to-asia-petra-and-ulrika-brought-jamtlands-flavors-to-the-world\/"},"wordCount":2156,"commentCount":0,"publisher":{"@id":"https:\/\/www.creativecityostersund.se\/en\/#organization"},"image":{"@id":"https:\/\/www.creativecityostersund.se\/en\/from-as-to-asia-petra-and-ulrika-brought-jamtlands-flavors-to-the-world\/#primaryimage"},"thumbnailUrl":"https:\/\/www.creativecityostersund.se\/wp-content\/uploads\/2026\/05\/538081782_1340995304694099_4815978916452352045_n.png","articleSection":["News"],"inLanguage":"en-US","potentialAction":[{"@type":"CommentAction","name":"Comment","target":["https:\/\/www.creativecityostersund.se\/en\/from-as-to-asia-petra-and-ulrika-brought-jamtlands-flavors-to-the-world\/#respond"]}]},{"@type":"WebPage","@id":"https:\/\/www.creativecityostersund.se\/en\/from-as-to-asia-petra-and-ulrika-brought-jamtlands-flavors-to-the-world\/","url":"https:\/\/www.creativecityostersund.se\/en\/from-as-to-asia-petra-and-ulrika-brought-jamtlands-flavors-to-the-world\/","name":"From \u00c5s to Asia \u2013 Petra and Ulrika brought J\u00e4mtland's flavors to the world - Creativecityostersund","isPartOf":{"@id":"https:\/\/www.creativecityostersund.se\/en\/#website"},"primaryImageOfPage":{"@id":"https:\/\/www.creativecityostersund.se\/en\/from-as-to-asia-petra-and-ulrika-brought-jamtlands-flavors-to-the-world\/#primaryimage"},"image":{"@id":"https:\/\/www.creativecityostersund.se\/en\/from-as-to-asia-petra-and-ulrika-brought-jamtlands-flavors-to-the-world\/#primaryimage"},"thumbnailUrl":"https:\/\/www.creativecityostersund.se\/wp-content\/uploads\/2026\/05\/538081782_1340995304694099_4815978916452352045_n.png","datePublished":"2026-05-15T07:51:25+00:00","dateModified":"2026-06-26T08:31:53+00:00","breadcrumb":{"@id":"https:\/\/www.creativecityostersund.se\/en\/from-as-to-asia-petra-and-ulrika-brought-jamtlands-flavors-to-the-world\/#breadcrumb"},"inLanguage":"en-US","potentialAction":[{"@type":"ReadAction","target":["https:\/\/www.creativecityostersund.se\/en\/from-as-to-asia-petra-and-ulrika-brought-jamtlands-flavors-to-the-world\/"]}]},{"@type":"ImageObject","inLanguage":"en-US","@id":"https:\/\/www.creativecityostersund.se\/en\/from-as-to-asia-petra-and-ulrika-brought-jamtlands-flavors-to-the-world\/#primaryimage","url":"https:\/\/www.creativecityostersund.se\/wp-content\/uploads\/2026\/05\/538081782_1340995304694099_4815978916452352045_n.png","contentUrl":"https:\/\/www.creativecityostersund.se\/wp-content\/uploads\/2026\/05\/538081782_1340995304694099_4815978916452352045_n.png","width":620,"height":413},{"@type":"BreadcrumbList","@id":"https:\/\/www.creativecityostersund.se\/en\/from-as-to-asia-petra-and-ulrika-brought-jamtlands-flavors-to-the-world\/#breadcrumb","itemListElement":[{"@type":"ListItem","position":1,"name":"Hem","item":"https:\/\/www.creativecityostersund.se\/en\/"},{"@type":"ListItem","position":2,"name":"From \u00c5s to Asia \u2013 Petra and Ulrika brought J\u00e4mtland&#8217;s flavors to the world"}]},{"@type":"WebSite","@id":"https:\/\/www.creativecityostersund.se\/en\/#website","url":"https:\/\/www.creativecityostersund.se\/en\/","name":"UNESCO Creative City of Gastronomy \u00d6stersund","description":"Sveriges mest smaks\u00e4kra region","publisher":{"@id":"https:\/\/www.creativecityostersund.se\/en\/#organization"},"potentialAction":[{"@type":"SearchAction","target":{"@type":"EntryPoint","urlTemplate":"https:\/\/www.creativecityostersund.se\/en\/?s={search_term_string}"},"query-input":{"@type":"PropertyValueSpecification","valueRequired":true,"valueName":"search_term_string"}}],"inLanguage":"en-US"},{"@type":"Organization","@id":"https:\/\/www.creativecityostersund.se\/en\/#organization","name":"UNESCO Creative City of Gastronomy \u00d6stersund","url":"https:\/\/www.creativecityostersund.se\/en\/","logo":{"@type":"ImageObject","inLanguage":"en-US","@id":"https:\/\/www.creativecityostersund.se\/en\/#\/schema\/logo\/image\/","url":"https:\/\/www.creativecityostersund.se\/wp-content\/uploads\/2026\/05\/Creative-city-of-gastronomy-liggande-vinrod.webp","contentUrl":"https:\/\/www.creativecityostersund.se\/wp-content\/uploads\/2026\/05\/Creative-city-of-gastronomy-liggande-vinrod.webp","width":411,"height":146,"caption":"UNESCO Creative City of Gastronomy \u00d6stersund"},"image":{"@id":"https:\/\/www.creativecityostersund.se\/en\/#\/schema\/logo\/image\/"},"sameAs":["https:\/\/www.facebook.com\/creativegastronomy"]},{"@type":"Person","@id":"https:\/\/www.creativecityostersund.se\/en\/#\/schema\/person\/75ab419e9c0ed1cd08876ff6efceead1","name":"Sebastian Rydebj\u00f6rk","image":{"@type":"ImageObject","inLanguage":"en-US","@id":"https:\/\/secure.gravatar.com\/avatar\/31732052c720e6e94f0e8e2e87bdd9f8d24506ff54328d9237655abddb3dff93?s=96&d=mm&r=g","url":"https:\/\/secure.gravatar.com\/avatar\/31732052c720e6e94f0e8e2e87bdd9f8d24506ff54328d9237655abddb3dff93?s=96&d=mm&r=g","contentUrl":"https:\/\/secure.gravatar.com\/avatar\/31732052c720e6e94f0e8e2e87bdd9f8d24506ff54328d9237655abddb3dff93?s=96&d=mm&r=g","caption":"Sebastian Rydebj\u00f6rk"},"url":"https:\/\/www.creativecityostersund.se\/en\/author\/sebastian\/"}]}},"_links":{"self":[{"href":"https:\/\/www.creativecityostersund.se\/en\/wp-json\/wp\/v2\/posts\/397","targetHints":{"allow":["GET"]}}],"collection":[{"href":"https:\/\/www.creativecityostersund.se\/en\/wp-json\/wp\/v2\/posts"}],"about":[{"href":"https:\/\/www.creativecityostersund.se\/en\/wp-json\/wp\/v2\/types\/post"}],"author":[{"embeddable":true,"href":"https:\/\/www.creativecityostersund.se\/en\/wp-json\/wp\/v2\/users\/2"}],"replies":[{"embeddable":true,"href":"https:\/\/www.creativecityostersund.se\/en\/wp-json\/wp\/v2\/comments?post=397"}],"version-history":[{"count":6,"href":"https:\/\/www.creativecityostersund.se\/en\/wp-json\/wp\/v2\/posts\/397\/revisions"}],"predecessor-version":[{"id":415,"href":"https:\/\/www.creativecityostersund.se\/en\/wp-json\/wp\/v2\/posts\/397\/revisions\/415"}],"wp:featuredmedia":[{"embeddable":true,"href":"https:\/\/www.creativecityostersund.se\/en\/wp-json\/wp\/v2\/media\/398"}],"wp:attachment":[{"href":"https:\/\/www.creativecityostersund.se\/en\/wp-json\/wp\/v2\/media?parent=397"}],"wp:term":[{"taxonomy":"category","embeddable":true,"href":"https:\/\/www.creativecityostersund.se\/en\/wp-json\/wp\/v2\/categories?post=397"},{"taxonomy":"post_tag","embeddable":true,"href":"https:\/\/www.creativecityostersund.se\/en\/wp-json\/wp\/v2\/tags?post=397"}],"curies":[{"name":"wp","href":"https:\/\/api.w.org\/{rel}","templated":true}]}}